{"id":2767,"date":"2023-12-18T11:05:19","date_gmt":"2023-12-18T11:05:19","guid":{"rendered":"https:\/\/academiadeprodutoresculturais.com\/natercia-campos-award-2023\/"},"modified":"2024-01-08T16:12:46","modified_gmt":"2024-01-08T16:12:46","slug":"natercia-campos-award-2023","status":"publish","type":"post","link":"https:\/\/academiadeprodutoresculturais.com\/en\/natercia-campos-award-2023\/","title":{"rendered":"Nat\u00e9rcia Campos Award 2023"},"content":{"rendered":"\n<p>The Nat\u00e9rcia Campos Award was established in 2011 by the Academia de Produtores Culturais and aims to highlight, every two years, the work of a cultural producer with a proven track record in the field of thought and implementation of socio-cultural development projects in Portugal. <\/p>\n\n<p>Cl\u00e1udia Regina, Nuno Ricou Salgado, Alexandre Oliveira, T\u00e2nia Guerreiro, and the duo In\u00eas C\u00e2mara\/Ana Fernambuco, were, to date, the awarded personalities. The selection of the award winners is made by a panel of judges, all cultural producers, based on the analysis of applications that reach APC by May 15, 2023, or by analysis of producers&#8217; careers suggested by members of the jury. <\/p>\n\n<p>Those interested in submitting an application should consult the <a href=\"https:\/\/academiadeprodutoresculturais.com\/wp-content\/uploads\/2023\/12\/Premio-Natercia-Campos_Regulamento-2023.pdf\" target=\"_blank\" rel=\"noopener\" title=\"\">Nat\u00e9rcia Campos Award Regulations<\/a>, and send it to Miguel Abreu&#8217;s email: <a href=\"mailto:abreuabreu@gmail.com\">abreuabreu@gmail.com<\/a><\/p>\n","protected":false},"excerpt":{"rendered":"<p>The Nat\u00e9rcia Campos Award was established in 2011 by the Academia de Produtores Culturais and aims to highlight, every two years, the work of a cultural producer with a proven&#8230;<\/p>\n","protected":false},"author":1,"featured_media":2615,"comment_status":"closed","ping_status":"closed","sticky":false,"template":"","format":"standard","meta":{"inline_featured_image":false,"_monsterinsights_skip_tracking":false,"_monsterinsights_sitenote_active":false,"_monsterinsights_sitenote_note":"","_monsterinsights_sitenote_category":0,"footnotes":""},"categories":[171,92],"tags":[207,201,218],"class_list":{"0":"post-2767","1":"post","2":"type-post","3":"status-publish","4":"format-standard","5":"has-post-thumbnail","7":"category-news","8":"category-noticias","9":"tag-development","10":"tag-production","11":"tag-sociocultural-en"},"aioseo_notices":[],"_links":{"self":[{"href":"https:\/\/academiadeprodutoresculturais.com\/en\/wp-json\/wp\/v2\/posts\/2767","targetHints":{"allow":["GET"]}}],"collection":[{"href":"https:\/\/academiadeprodutoresculturais.com\/en\/wp-json\/wp\/v2\/posts"}],"about":[{"href":"https:\/\/academiadeprodutoresculturais.com\/en\/wp-json\/wp\/v2\/types\/post"}],"author":[{"embeddable":true,"href":"https:\/\/academiadeprodutoresculturais.com\/en\/wp-json\/wp\/v2\/users\/1"}],"replies":[{"embeddable":true,"href":"https:\/\/academiadeprodutoresculturais.com\/en\/wp-json\/wp\/v2\/comments?post=2767"}],"version-history":[{"count":4,"href":"https:\/\/academiadeprodutoresculturais.com\/en\/wp-json\/wp\/v2\/posts\/2767\/revisions"}],"predecessor-version":[{"id":3307,"href":"https:\/\/academiadeprodutoresculturais.com\/en\/wp-json\/wp\/v2\/posts\/2767\/revisions\/3307"}],"wp:featuredmedia":[{"embeddable":true,"href":"https:\/\/academiadeprodutoresculturais.com\/en\/wp-json\/wp\/v2\/media\/2615"}],"wp:attachment":[{"href":"https:\/\/academiadeprodutoresculturais.com\/en\/wp-json\/wp\/v2\/media?parent=2767"}],"wp:term":[{"taxonomy":"category","embeddable":true,"href":"https:\/\/academiadeprodutoresculturais.com\/en\/wp-json\/wp\/v2\/categories?post=2767"},{"taxonomy":"post_tag","embeddable":true,"href":"https:\/\/academiadeprodutoresculturais.com\/en\/wp-json\/wp\/v2\/tags?post=2767"}],"curies":[{"name":"wp","href":"https:\/\/api.w.org\/{rel}","templated":true}]}}