{"id":2768,"date":"2022-12-18T15:45:27","date_gmt":"2022-12-18T15:45:27","guid":{"rendered":"https:\/\/academiadeprodutoresculturais.com\/sociodemographic-observatory-of-roma-communities\/"},"modified":"2023-02-17T14:27:28","modified_gmt":"2023-02-17T14:27:28","slug":"sociodemographic-observatory-of-roma-communities","status":"publish","type":"post","link":"https:\/\/academiadeprodutoresculturais.com\/en\/sociodemographic-observatory-of-roma-communities\/","title":{"rendered":"Sociodemographic Observatory of Roma Communities"},"content":{"rendered":"\n<p>Responding to a need to know more about the Roma communities that<br\/>live in the municipality of Moura, the project Encounters, which intervenes in Sobral da Adi\u00e7a and<br\/>in P\u00f3voa de S\u00e3o Miguel with a socio-educational approach since 2006, created a<br\/>database with a set of information about the Roma communities in these<br\/>locations.<\/p>\n\n<p><br\/>Get to know the Sociodemographic Observatory of Roma Communities <a href=\"http:\/\/academiadeprodutoresculturais.com\/wp-content\/uploads\/2023\/01\/Observatorio_Escolhas.pdf\" target=\"_blank\" rel=\"noopener\" title=\"\">here<\/a>.<\/p>\n","protected":false},"excerpt":{"rendered":"<p>Responding to a need to know more about the Roma communities thatlive in the municipality of Moura, the project Encounters, which intervenes in Sobral da Adi\u00e7a andin P\u00f3voa de S\u00e3o&#8230;<\/p>\n","protected":false},"author":1,"featured_media":2623,"comment_status":"closed","ping_status":"closed","sticky":false,"template":"","format":"standard","meta":{"inline_featured_image":false,"_monsterinsights_skip_tracking":false,"_monsterinsights_sitenote_active":false,"_monsterinsights_sitenote_note":"","_monsterinsights_sitenote_category":0,"footnotes":""},"categories":[231],"tags":[175,187,176,172,185],"class_list":{"0":"post-2768","1":"post","2":"type-post","3":"status-publish","4":"format-standard","5":"has-post-thumbnail","7":"category-national","8":"tag-community","9":"tag-diversity","10":"tag-intercultural-en","11":"tag-interculturality","12":"tag-territory"},"aioseo_notices":[],"_links":{"self":[{"href":"https:\/\/academiadeprodutoresculturais.com\/en\/wp-json\/wp\/v2\/posts\/2768","targetHints":{"allow":["GET"]}}],"collection":[{"href":"https:\/\/academiadeprodutoresculturais.com\/en\/wp-json\/wp\/v2\/posts"}],"about":[{"href":"https:\/\/academiadeprodutoresculturais.com\/en\/wp-json\/wp\/v2\/types\/post"}],"author":[{"embeddable":true,"href":"https:\/\/academiadeprodutoresculturais.com\/en\/wp-json\/wp\/v2\/users\/1"}],"replies":[{"embeddable":true,"href":"https:\/\/academiadeprodutoresculturais.com\/en\/wp-json\/wp\/v2\/comments?post=2768"}],"version-history":[{"count":3,"href":"https:\/\/academiadeprodutoresculturais.com\/en\/wp-json\/wp\/v2\/posts\/2768\/revisions"}],"predecessor-version":[{"id":3075,"href":"https:\/\/academiadeprodutoresculturais.com\/en\/wp-json\/wp\/v2\/posts\/2768\/revisions\/3075"}],"wp:featuredmedia":[{"embeddable":true,"href":"https:\/\/academiadeprodutoresculturais.com\/en\/wp-json\/wp\/v2\/media\/2623"}],"wp:attachment":[{"href":"https:\/\/academiadeprodutoresculturais.com\/en\/wp-json\/wp\/v2\/media?parent=2768"}],"wp:term":[{"taxonomy":"category","embeddable":true,"href":"https:\/\/academiadeprodutoresculturais.com\/en\/wp-json\/wp\/v2\/categories?post=2768"},{"taxonomy":"post_tag","embeddable":true,"href":"https:\/\/academiadeprodutoresculturais.com\/en\/wp-json\/wp\/v2\/tags?post=2768"}],"curies":[{"name":"wp","href":"https:\/\/api.w.org\/{rel}","templated":true}]}}