{"id":3579,"date":"2024-12-30T17:13:27","date_gmt":"2024-12-30T17:13:27","guid":{"rendered":"https:\/\/academiadeprodutoresculturais.com\/atos-arte-participacao-territorio\/"},"modified":"2025-02-13T12:52:52","modified_gmt":"2025-02-13T12:52:52","slug":"atos-arte-participacao-territorio","status":"publish","type":"post","link":"https:\/\/academiadeprodutoresculturais.com\/en\/atos-arte-participacao-territorio\/","title":{"rendered":"ATOS &#8211; Art, participation, territory"},"content":{"rendered":"\n<p>Find out more <a href=\"https:\/\/academiadeprodutoresculturais.com\/wp-content\/uploads\/2024\/12\/ATOS-Versao-final-PDF-1.pdf\">here.<\/a><\/p>\n\n<p>Este livro relata e analisa uma experi\u00eancia rica de encontros entre pessoas e lugares, bem como os processos de trabalho que geraram 43 cria\u00e7\u00f5es ou iniciativas cidad\u00e3s nos munic\u00edpios. Conjugam-se diferentes olhares sobre um percurso in\u00e9dito que nos oferece um retrato do pa\u00eds e que servir\u00e1, tamb\u00e9m, para refletir e avan\u00e7ar na concretiza\u00e7\u00e3o de uma efetiva democracia da cultura.<\/p>\n\n<p>O programa <em>ATOS \u2013 Arte, participa\u00e7\u00e3o e territ\u00f3rio<\/em>\u00a0foi concebido para promover pr\u00e1ticas art\u00edsticas de participa\u00e7\u00e3o com as comunidades de 40 munic\u00edpios de norte a sul de Portugal continental, Madeira e A\u00e7ores. Inaugurado em 2023 e inserido na iniciativa da Odisseia Nacional, o ATOS \u00e9 uma edi\u00e7\u00e3o conjunta que resulta da parceria entre a Funda\u00e7\u00e3o Calouste Gulbenkian e o Teatro Nacional D. Maria II.<\/p>\n","protected":false},"excerpt":{"rendered":"<p>Find out more here. Este livro relata e analisa uma experi\u00eancia rica de encontros entre pessoas e lugares, bem como os processos de trabalho que geraram 43 cria\u00e7\u00f5es ou iniciativas&#8230;<\/p>\n","protected":false},"author":4,"featured_media":3474,"comment_status":"closed","ping_status":"closed","sticky":false,"template":"","format":"standard","meta":{"inline_featured_image":false,"_monsterinsights_skip_tracking":false,"_monsterinsights_sitenote_active":false,"_monsterinsights_sitenote_note":"","_monsterinsights_sitenote_category":0,"footnotes":""},"categories":[231],"tags":[207,185],"class_list":{"0":"post-3579","1":"post","2":"type-post","3":"status-publish","4":"format-standard","5":"has-post-thumbnail","7":"category-national","8":"tag-development","9":"tag-territory"},"aioseo_notices":[],"_links":{"self":[{"href":"https:\/\/academiadeprodutoresculturais.com\/en\/wp-json\/wp\/v2\/posts\/3579","targetHints":{"allow":["GET"]}}],"collection":[{"href":"https:\/\/academiadeprodutoresculturais.com\/en\/wp-json\/wp\/v2\/posts"}],"about":[{"href":"https:\/\/academiadeprodutoresculturais.com\/en\/wp-json\/wp\/v2\/types\/post"}],"author":[{"embeddable":true,"href":"https:\/\/academiadeprodutoresculturais.com\/en\/wp-json\/wp\/v2\/users\/4"}],"replies":[{"embeddable":true,"href":"https:\/\/academiadeprodutoresculturais.com\/en\/wp-json\/wp\/v2\/comments?post=3579"}],"version-history":[{"count":3,"href":"https:\/\/academiadeprodutoresculturais.com\/en\/wp-json\/wp\/v2\/posts\/3579\/revisions"}],"predecessor-version":[{"id":3614,"href":"https:\/\/academiadeprodutoresculturais.com\/en\/wp-json\/wp\/v2\/posts\/3579\/revisions\/3614"}],"wp:featuredmedia":[{"embeddable":true,"href":"https:\/\/academiadeprodutoresculturais.com\/en\/wp-json\/wp\/v2\/media\/3474"}],"wp:attachment":[{"href":"https:\/\/academiadeprodutoresculturais.com\/en\/wp-json\/wp\/v2\/media?parent=3579"}],"wp:term":[{"taxonomy":"category","embeddable":true,"href":"https:\/\/academiadeprodutoresculturais.com\/en\/wp-json\/wp\/v2\/categories?post=3579"},{"taxonomy":"post_tag","embeddable":true,"href":"https:\/\/academiadeprodutoresculturais.com\/en\/wp-json\/wp\/v2\/tags?post=3579"}],"curies":[{"name":"wp","href":"https:\/\/api.w.org\/{rel}","templated":true}]}}