{"id":3591,"date":"2024-12-28T16:49:24","date_gmt":"2024-12-28T16:49:24","guid":{"rendered":"https:\/\/academiadeprodutoresculturais.com\/atlas-artistico-e-cultural-de-portugal\/"},"modified":"2025-02-10T17:06:13","modified_gmt":"2025-02-10T17:06:13","slug":"atlas-artistico-e-cultural-de-portugal","status":"publish","type":"post","link":"https:\/\/academiadeprodutoresculturais.com\/en\/atlas-artistico-e-cultural-de-portugal\/","title":{"rendered":"Artistic and Cultural Atlas of Portugal"},"content":{"rendered":"\n<p>Find out <a href=\"https:\/\/academiadeprodutoresculturais.com\/wp-content\/uploads\/2025\/01\/atlas_artistico_e_cultural_de_portugal.pdf\" target=\"_blank\" rel=\"noopener\" title=\"\">more here.<\/a><\/p>\n\n<p>O Atlas Art\u00edstico e Cultural de Portugal (AACP) tem como principais objetivos mapear a realidade atual do pa\u00eds na \u00e1rea da cultura, as suas caracter\u00edsticas, as dimens\u00f5es e os dom\u00ednios que t\u00eam contribu\u00eddo para o seu desenvolvimento. Procura-se assim dar conta da evolu\u00e7\u00e3o registada e evidenciar os resultados do investimento feito e, por essa via, promover tamb\u00e9m a identifica\u00e7\u00e3o de novas linhas de interven\u00e7\u00e3o de pol\u00edticas p\u00fablicas que contribuam para a corre\u00e7\u00e3o das assimetrias que persistem e de novas medidas para a coes\u00e3o territorial nas artes e na cultura.\u00a0O Atlas \u00e9 parte integrante do\u00a0<a href=\"https:\/\/opac.cies.iscte-iul.pt\/estudo-sector-artistico-cultural-portugal\" target=\"_blank\" rel=\"noreferrer noopener\">Estudo Sector Art\u00edstico e Cultural de Portugal<\/a>\u00a0realizado no \u00e2mbito do acordo institucional de parceria entre a Dire\u00e7\u00e3o-Geral das Artes e o Iscte-Instituto Universit\u00e1rio de Lisboa, atrav\u00e9s do Observat\u00f3rio Portugu\u00eas das Atividades Culturais (OPAC) e que incluiu a realiza\u00e7\u00e3o do Inqu\u00e9rito aos Profissionais Independentes das Artes e da Cultura (IPIAC). A equipa de investiga\u00e7\u00e3o \u00e9 composta por Jos\u00e9 Soares Neves (coordena\u00e7\u00e3o cient\u00edfica), Sofia Costa Macedo, Jorge Santos e Maria Jo\u00e3o Lima. Ao longo de cerca de 200 p\u00e1ginas a realidade cultural do pa\u00eds \u00e9 evidenciada em 97 mapas, 29 gr\u00e1ficos e 21 quadros. A edi\u00e7\u00e3o \u00e9 da Dire\u00e7\u00e3o-Geral das Artes.<\/p>\n\n<p><\/p>\n","protected":false},"excerpt":{"rendered":"<p>Find out more here. O Atlas Art\u00edstico e Cultural de Portugal (AACP) tem como principais objetivos mapear a realidade atual do pa\u00eds na \u00e1rea da cultura, as suas caracter\u00edsticas, as&#8230;<\/p>\n","protected":false},"author":4,"featured_media":3585,"comment_status":"closed","ping_status":"closed","sticky":false,"template":"","format":"standard","meta":{"inline_featured_image":false,"_monsterinsights_skip_tracking":false,"_monsterinsights_sitenote_active":false,"_monsterinsights_sitenote_note":"","_monsterinsights_sitenote_category":0,"footnotes":""},"categories":[231],"tags":[188,202,193,207,185],"class_list":{"0":"post-3591","1":"post","2":"type-post","3":"status-publish","4":"format-standard","5":"has-post-thumbnail","7":"category-national","8":"tag-arts","9":"tag-cultural-facilities","10":"tag-culture","11":"tag-development","12":"tag-territory"},"aioseo_notices":[],"_links":{"self":[{"href":"https:\/\/academiadeprodutoresculturais.com\/en\/wp-json\/wp\/v2\/posts\/3591","targetHints":{"allow":["GET"]}}],"collection":[{"href":"https:\/\/academiadeprodutoresculturais.com\/en\/wp-json\/wp\/v2\/posts"}],"about":[{"href":"https:\/\/academiadeprodutoresculturais.com\/en\/wp-json\/wp\/v2\/types\/post"}],"author":[{"embeddable":true,"href":"https:\/\/academiadeprodutoresculturais.com\/en\/wp-json\/wp\/v2\/users\/4"}],"replies":[{"embeddable":true,"href":"https:\/\/academiadeprodutoresculturais.com\/en\/wp-json\/wp\/v2\/comments?post=3591"}],"version-history":[{"count":10,"href":"https:\/\/academiadeprodutoresculturais.com\/en\/wp-json\/wp\/v2\/posts\/3591\/revisions"}],"predecessor-version":[{"id":3609,"href":"https:\/\/academiadeprodutoresculturais.com\/en\/wp-json\/wp\/v2\/posts\/3591\/revisions\/3609"}],"wp:featuredmedia":[{"embeddable":true,"href":"https:\/\/academiadeprodutoresculturais.com\/en\/wp-json\/wp\/v2\/media\/3585"}],"wp:attachment":[{"href":"https:\/\/academiadeprodutoresculturais.com\/en\/wp-json\/wp\/v2\/media?parent=3591"}],"wp:term":[{"taxonomy":"category","embeddable":true,"href":"https:\/\/academiadeprodutoresculturais.com\/en\/wp-json\/wp\/v2\/categories?post=3591"},{"taxonomy":"post_tag","embeddable":true,"href":"https:\/\/academiadeprodutoresculturais.com\/en\/wp-json\/wp\/v2\/tags?post=3591"}],"curies":[{"name":"wp","href":"https:\/\/api.w.org\/{rel}","templated":true}]}}